{"id":1488,"date":"2016-02-29T11:03:13","date_gmt":"2016-02-29T11:03:13","guid":{"rendered":"http:\/\/www.losmusicosdesualteza.com\/en\/?p=1488"},"modified":"2016-02-29T11:13:25","modified_gmt":"2016-02-29T11:13:25","slug":"awards","status":"publish","type":"post","link":"https:\/\/www.losmusicosdesualteza.com\/en\/awards\/","title":{"rendered":"AWARDS"},"content":{"rendered":"<p>2012<\/p>\n<p>The CD <em>Rossi-Mazzocchi-Carissimi: Il tormento e l\u2019estasi<\/em> receives the prizes <em>Muse d&#8217;Or<\/em> from <em>Muse Baroque<\/em> (France) and <em>Selection HM (Harmonia Mundi) CH <\/em>(Schwitzerland)<\/p>\n<p><em>\u00a0<\/em>2011<\/p>\n<p>The CD <em>Jos\u00e9 de Nebra: Amor aumenta el valor<\/em> awards the &#8220;R&#8221; (Recommended) from the magazine <em>CD Compact<\/em> (Spain)<\/p>\n<p>2010<\/p>\n<p>The CD <em>Jos\u00e9 de Nebra: Amor aumenta el valor <\/em>receives the prize <em>Muse d&#8217;Or<\/em> from <em>Muse Baroque<\/em> (France)<\/p>\n<p>The CD <em>Joseph Ruiz Samaniego: La vida es sue\u00f1o<\/em> receives the <em>Prelude Classical Music Award 2010<\/em> (The Netherlands)<\/p>\n<p>Luis Antonio Gonz\u00e1lez is designated correspondent Fellow of the Royal Academy of Fine Arts of San Luis (Saragossa, Spain). He is also named Honorary Fellow of the Aragonese Association of Opera &#8220;Miguel Fleta&#8221; (Aragon, Spain)<\/p>\n<p><em>\u00a0<\/em>2009<\/p>\n<p>The CD <em>Joseph Ruiz Samaniego: La vida es sue\u00f1o<\/em> receives the awards <em>La Clef<\/em> from <em>ResMusica<\/em> (France), <em>Muse d&#8217;Or<\/em> from <em>Muse Baroque<\/em> (France) and &#8220;R&#8221; (Recommended) from <em>CD Compact<\/em> (Spain)<\/p>\n<p>2008<\/p>\n<p>The ensemble Los M\u00fasicos de Su Alteza receives the medal <em>Defensor de Zaragoza<\/em> (<em>Champion of Saragossa<\/em>, from the <em>Fundaci\u00f3n Zaragoza 2008<\/em>) and the <em>Fundaci\u00f3n Uncastillo<\/em> Award (Saragossa, Spain)<\/p>\n<p>2007<\/p>\n<p>The CD <em>Jos\u00e9 de Nebra. <\/em><em>Miserere <\/em>receives the prizes &#8220;R&#8221; (Recommended) from <em>CD Compact<\/em> (Spain) and &#8220;E&#8221; (Exceptional) from the magazine <em>Scherzo <\/em>(Spain)<\/p>\n<p>2002<\/p>\n<p>The ensemble Los M\u00fasicos de Su Alteza receives the <em>Award for artistic work<\/em> from the Regulating Council of the Cari\u00f1ena Wine Region (Aragon, Spain)<\/p>\n<p>1999-2000<\/p>\n<p>The CD <em>Juan Cabanilles: Tientos y pasacalles<\/em>, a collaboration between the Dutch organist Jan Willem Jansen and Los M\u00fasicos de Su Alteza, receives the prizes \u201cCD Compact 2000\u201d from <em>CD Compact <\/em>(Spain), <em>Diapason d&#8217;Or<\/em> from <em>Diapason <\/em>(France) y <em>9<\/em> from <em>T\u00e9l\u00e9rama<\/em> (France)<\/p>\n<p>1996<\/p>\n<p>Los M\u00fasicos de Su Alteza obtain the highest prize at the <em>9th<\/em> <em>International Concours Van Wassenaer Ensembles Oude Muziek<\/em> (Den Haag, The Netherlands, september 1996. Jury: Marie Leonhardt, Carolyn Watkinson, Konrad H\u00fcnteler, Siebe Henstra, Jan Nuchelmans, Krijn Koestveld)<\/p>\n<p>1995<\/p>\n<p>Luis Antonio Gonz\u00e1lez receives the National Award &#8220;Rey Don Juan Carlos I&#8221; for Research in Humanities (Spain)<\/p>\n<p>1988<\/p>\n<p>Luis Antonio Gonz\u00e1lez receives the National Award of Musicology &#8220;Rafael Mitjana&#8221; (Spain)<\/p>\n","protected":false},"excerpt":{"rendered":"<p>2012 The CD Rossi-Mazzocchi-Carissimi: Il tormento e l\u2019estasi receives the prizes Muse d&#8217;Or from Muse Baroque (France) and Selection HM (Harmonia Mundi) CH (Schwitzerland) \u00a02011 The CD Jos\u00e9 de Nebra: Amor aumenta el valor awards &#8230; <a href=\"https:\/\/www.losmusicosdesualteza.com\/en\/awards\/\" class=\"more-link\">Read More<\/a><\/p>\n","protected":false},"author":1,"featured_media":0,"comment_status":"closed","ping_status":"closed","sticky":false,"template":"","format":"standard","meta":{"footnotes":""},"categories":[40],"tags":[],"class_list":["post-1488","post","type-post","status-publish","format-standard","hentry","category-vanitas-2","no-post-thumbnail"],"yoast_head":"<!-- This site is optimized with the Yoast SEO plugin v27.1.1 - https:\/\/yoast.com\/product\/yoast-seo-wordpress\/ -->\n<title>AWARDS - Los M\u00fasicos De Su Alteza<\/title>\n<meta name=\"robots\" content=\"index, follow, max-snippet:-1, max-image-preview:large, max-video-preview:-1\" \/>\n<link rel=\"canonical\" href=\"https:\/\/www.losmusicosdesualteza.com\/en\/awards\/\" \/>\n<meta property=\"og:locale\" content=\"en_US\" \/>\n<meta property=\"og:type\" content=\"article\" \/>\n<meta property=\"og:title\" content=\"AWARDS - Los M\u00fasicos De Su Alteza\" \/>\n<meta property=\"og:description\" content=\"2012 The CD Rossi-Mazzocchi-Carissimi: Il tormento e l\u2019estasi receives the prizes Muse d&#8217;Or from Muse Baroque (France) and Selection HM (Harmonia Mundi) CH (Schwitzerland) \u00a02011 The CD Jos\u00e9 de Nebra: Amor aumenta el valor awards ... Read More\" \/>\n<meta property=\"og:url\" content=\"https:\/\/www.losmusicosdesualteza.com\/en\/awards\/\" \/>\n<meta property=\"og:site_name\" content=\"Los M\u00fasicos De Su Alteza\" \/>\n<meta property=\"article:publisher\" content=\"https:\/\/www.facebook.com\/losmusicosdesualteza\" \/>\n<meta property=\"article:published_time\" content=\"2016-02-29T11:03:13+00:00\" \/>\n<meta property=\"article:modified_time\" content=\"2016-02-29T11:13:25+00:00\" \/>\n<meta name=\"author\" content=\"Manuel\" \/>\n<meta name=\"twitter:card\" content=\"summary_large_image\" \/>\n<meta name=\"twitter:label1\" content=\"Written by\" \/>\n\t<meta name=\"twitter:data1\" content=\"Manuel\" \/>\n\t<meta name=\"twitter:label2\" content=\"Est. reading time\" \/>\n\t<meta name=\"twitter:data2\" content=\"2 minutes\" \/>\n<script type=\"application\/ld+json\" class=\"yoast-schema-graph\">{\"@context\":\"https:\/\/schema.org\",\"@graph\":[{\"@type\":\"Article\",\"@id\":\"https:\/\/www.losmusicosdesualteza.com\/en\/awards\/#article\",\"isPartOf\":{\"@id\":\"https:\/\/www.losmusicosdesualteza.com\/en\/awards\/\"},\"author\":{\"name\":\"Manuel\",\"@id\":\"https:\/\/www.losmusicosdesualteza.com\/en\/#\/schema\/person\/aceac0fbb35db09b6bf0475b03996475\"},\"headline\":\"AWARDS\",\"datePublished\":\"2016-02-29T11:03:13+00:00\",\"dateModified\":\"2016-02-29T11:13:25+00:00\",\"mainEntityOfPage\":{\"@id\":\"https:\/\/www.losmusicosdesualteza.com\/en\/awards\/\"},\"wordCount\":344,\"publisher\":{\"@id\":\"https:\/\/www.losmusicosdesualteza.com\/en\/#organization\"},\"articleSection\":[\"Vanitas\"],\"inLanguage\":\"en-US\"},{\"@type\":\"WebPage\",\"@id\":\"https:\/\/www.losmusicosdesualteza.com\/en\/awards\/\",\"url\":\"https:\/\/www.losmusicosdesualteza.com\/en\/awards\/\",\"name\":\"AWARDS - Los M\u00fasicos De Su Alteza\",\"isPartOf\":{\"@id\":\"https:\/\/www.losmusicosdesualteza.com\/en\/#website\"},\"datePublished\":\"2016-02-29T11:03:13+00:00\",\"dateModified\":\"2016-02-29T11:13:25+00:00\",\"breadcrumb\":{\"@id\":\"https:\/\/www.losmusicosdesualteza.com\/en\/awards\/#breadcrumb\"},\"inLanguage\":\"en-US\",\"potentialAction\":[{\"@type\":\"ReadAction\",\"target\":[\"https:\/\/www.losmusicosdesualteza.com\/en\/awards\/\"]}]},{\"@type\":\"BreadcrumbList\",\"@id\":\"https:\/\/www.losmusicosdesualteza.com\/en\/awards\/#breadcrumb\",\"itemListElement\":[{\"@type\":\"ListItem\",\"position\":1,\"name\":\"Portada\",\"item\":\"https:\/\/www.losmusicosdesualteza.com\/en\/\"},{\"@type\":\"ListItem\",\"position\":2,\"name\":\"AWARDS\"}]},{\"@type\":\"WebSite\",\"@id\":\"https:\/\/www.losmusicosdesualteza.com\/en\/#website\",\"url\":\"https:\/\/www.losmusicosdesualteza.com\/en\/\",\"name\":\"Los M\u00fasicos De Su Alteza\",\"description\":\"Los M\u00fasicos de Su Alteza - Luis Antonio Gonz\u00e1lez\",\"publisher\":{\"@id\":\"https:\/\/www.losmusicosdesualteza.com\/en\/#organization\"},\"potentialAction\":[{\"@type\":\"SearchAction\",\"target\":{\"@type\":\"EntryPoint\",\"urlTemplate\":\"https:\/\/www.losmusicosdesualteza.com\/en\/?s={search_term_string}\"},\"query-input\":{\"@type\":\"PropertyValueSpecification\",\"valueRequired\":true,\"valueName\":\"search_term_string\"}}],\"inLanguage\":\"en-US\"},{\"@type\":\"Organization\",\"@id\":\"https:\/\/www.losmusicosdesualteza.com\/en\/#organization\",\"name\":\"Los M\u00fasicos De Su Alteza\",\"url\":\"https:\/\/www.losmusicosdesualteza.com\/en\/\",\"logo\":{\"@type\":\"ImageObject\",\"inLanguage\":\"en-US\",\"@id\":\"https:\/\/www.losmusicosdesualteza.com\/en\/#\/schema\/logo\/image\/\",\"url\":\"https:\/\/www.losmusicosdesualteza.com\/wp-content\/uploads\/2015\/12\/Logo-MVSA.png\",\"contentUrl\":\"https:\/\/www.losmusicosdesualteza.com\/wp-content\/uploads\/2015\/12\/Logo-MVSA.png\",\"width\":450,\"height\":405,\"caption\":\"Los M\u00fasicos De Su Alteza\"},\"image\":{\"@id\":\"https:\/\/www.losmusicosdesualteza.com\/en\/#\/schema\/logo\/image\/\"},\"sameAs\":[\"https:\/\/www.facebook.com\/losmusicosdesualteza\",\"https:\/\/www.instagram.com\/losmusicosdesualteza\"]},{\"@type\":\"Person\",\"@id\":\"https:\/\/www.losmusicosdesualteza.com\/en\/#\/schema\/person\/aceac0fbb35db09b6bf0475b03996475\",\"name\":\"Manuel\",\"image\":{\"@type\":\"ImageObject\",\"inLanguage\":\"en-US\",\"@id\":\"https:\/\/www.losmusicosdesualteza.com\/en\/#\/schema\/person\/image\/\",\"url\":\"https:\/\/secure.gravatar.com\/avatar\/0f9741224ec3c3b9bee8fc40bd2a2482e09cb5c677e9d566b90b197214d73fab?s=96&d=mm&r=g\",\"contentUrl\":\"https:\/\/secure.gravatar.com\/avatar\/0f9741224ec3c3b9bee8fc40bd2a2482e09cb5c677e9d566b90b197214d73fab?s=96&d=mm&r=g\",\"caption\":\"Manuel\"},\"url\":\"https:\/\/www.losmusicosdesualteza.com\/en\/author\/manuel\/\"}]}<\/script>\n<!-- \/ Yoast SEO plugin. -->","yoast_head_json":{"title":"AWARDS - Los M\u00fasicos De Su Alteza","robots":{"index":"index","follow":"follow","max-snippet":"max-snippet:-1","max-image-preview":"max-image-preview:large","max-video-preview":"max-video-preview:-1"},"canonical":"https:\/\/www.losmusicosdesualteza.com\/en\/awards\/","og_locale":"en_US","og_type":"article","og_title":"AWARDS - Los M\u00fasicos De Su Alteza","og_description":"2012 The CD Rossi-Mazzocchi-Carissimi: Il tormento e l\u2019estasi receives the prizes Muse d&#8217;Or from Muse Baroque (France) and Selection HM (Harmonia Mundi) CH (Schwitzerland) \u00a02011 The CD Jos\u00e9 de Nebra: Amor aumenta el valor awards ... Read More","og_url":"https:\/\/www.losmusicosdesualteza.com\/en\/awards\/","og_site_name":"Los M\u00fasicos De Su Alteza","article_publisher":"https:\/\/www.facebook.com\/losmusicosdesualteza","article_published_time":"2016-02-29T11:03:13+00:00","article_modified_time":"2016-02-29T11:13:25+00:00","author":"Manuel","twitter_card":"summary_large_image","twitter_misc":{"Written by":"Manuel","Est. reading time":"2 minutes"},"schema":{"@context":"https:\/\/schema.org","@graph":[{"@type":"Article","@id":"https:\/\/www.losmusicosdesualteza.com\/en\/awards\/#article","isPartOf":{"@id":"https:\/\/www.losmusicosdesualteza.com\/en\/awards\/"},"author":{"name":"Manuel","@id":"https:\/\/www.losmusicosdesualteza.com\/en\/#\/schema\/person\/aceac0fbb35db09b6bf0475b03996475"},"headline":"AWARDS","datePublished":"2016-02-29T11:03:13+00:00","dateModified":"2016-02-29T11:13:25+00:00","mainEntityOfPage":{"@id":"https:\/\/www.losmusicosdesualteza.com\/en\/awards\/"},"wordCount":344,"publisher":{"@id":"https:\/\/www.losmusicosdesualteza.com\/en\/#organization"},"articleSection":["Vanitas"],"inLanguage":"en-US"},{"@type":"WebPage","@id":"https:\/\/www.losmusicosdesualteza.com\/en\/awards\/","url":"https:\/\/www.losmusicosdesualteza.com\/en\/awards\/","name":"AWARDS - Los M\u00fasicos De Su Alteza","isPartOf":{"@id":"https:\/\/www.losmusicosdesualteza.com\/en\/#website"},"datePublished":"2016-02-29T11:03:13+00:00","dateModified":"2016-02-29T11:13:25+00:00","breadcrumb":{"@id":"https:\/\/www.losmusicosdesualteza.com\/en\/awards\/#breadcrumb"},"inLanguage":"en-US","potentialAction":[{"@type":"ReadAction","target":["https:\/\/www.losmusicosdesualteza.com\/en\/awards\/"]}]},{"@type":"BreadcrumbList","@id":"https:\/\/www.losmusicosdesualteza.com\/en\/awards\/#breadcrumb","itemListElement":[{"@type":"ListItem","position":1,"name":"Portada","item":"https:\/\/www.losmusicosdesualteza.com\/en\/"},{"@type":"ListItem","position":2,"name":"AWARDS"}]},{"@type":"WebSite","@id":"https:\/\/www.losmusicosdesualteza.com\/en\/#website","url":"https:\/\/www.losmusicosdesualteza.com\/en\/","name":"Los M\u00fasicos De Su Alteza","description":"Los M\u00fasicos de Su Alteza - Luis Antonio Gonz\u00e1lez","publisher":{"@id":"https:\/\/www.losmusicosdesualteza.com\/en\/#organization"},"potentialAction":[{"@type":"SearchAction","target":{"@type":"EntryPoint","urlTemplate":"https:\/\/www.losmusicosdesualteza.com\/en\/?s={search_term_string}"},"query-input":{"@type":"PropertyValueSpecification","valueRequired":true,"valueName":"search_term_string"}}],"inLanguage":"en-US"},{"@type":"Organization","@id":"https:\/\/www.losmusicosdesualteza.com\/en\/#organization","name":"Los M\u00fasicos De Su Alteza","url":"https:\/\/www.losmusicosdesualteza.com\/en\/","logo":{"@type":"ImageObject","inLanguage":"en-US","@id":"https:\/\/www.losmusicosdesualteza.com\/en\/#\/schema\/logo\/image\/","url":"https:\/\/www.losmusicosdesualteza.com\/wp-content\/uploads\/2015\/12\/Logo-MVSA.png","contentUrl":"https:\/\/www.losmusicosdesualteza.com\/wp-content\/uploads\/2015\/12\/Logo-MVSA.png","width":450,"height":405,"caption":"Los M\u00fasicos De Su Alteza"},"image":{"@id":"https:\/\/www.losmusicosdesualteza.com\/en\/#\/schema\/logo\/image\/"},"sameAs":["https:\/\/www.facebook.com\/losmusicosdesualteza","https:\/\/www.instagram.com\/losmusicosdesualteza"]},{"@type":"Person","@id":"https:\/\/www.losmusicosdesualteza.com\/en\/#\/schema\/person\/aceac0fbb35db09b6bf0475b03996475","name":"Manuel","image":{"@type":"ImageObject","inLanguage":"en-US","@id":"https:\/\/www.losmusicosdesualteza.com\/en\/#\/schema\/person\/image\/","url":"https:\/\/secure.gravatar.com\/avatar\/0f9741224ec3c3b9bee8fc40bd2a2482e09cb5c677e9d566b90b197214d73fab?s=96&d=mm&r=g","contentUrl":"https:\/\/secure.gravatar.com\/avatar\/0f9741224ec3c3b9bee8fc40bd2a2482e09cb5c677e9d566b90b197214d73fab?s=96&d=mm&r=g","caption":"Manuel"},"url":"https:\/\/www.losmusicosdesualteza.com\/en\/author\/manuel\/"}]}},"_links":{"self":[{"href":"https:\/\/www.losmusicosdesualteza.com\/en\/wp-json\/wp\/v2\/posts\/1488","targetHints":{"allow":["GET"]}}],"collection":[{"href":"https:\/\/www.losmusicosdesualteza.com\/en\/wp-json\/wp\/v2\/posts"}],"about":[{"href":"https:\/\/www.losmusicosdesualteza.com\/en\/wp-json\/wp\/v2\/types\/post"}],"author":[{"embeddable":true,"href":"https:\/\/www.losmusicosdesualteza.com\/en\/wp-json\/wp\/v2\/users\/1"}],"replies":[{"embeddable":true,"href":"https:\/\/www.losmusicosdesualteza.com\/en\/wp-json\/wp\/v2\/comments?post=1488"}],"version-history":[{"count":2,"href":"https:\/\/www.losmusicosdesualteza.com\/en\/wp-json\/wp\/v2\/posts\/1488\/revisions"}],"predecessor-version":[{"id":1490,"href":"https:\/\/www.losmusicosdesualteza.com\/en\/wp-json\/wp\/v2\/posts\/1488\/revisions\/1490"}],"wp:attachment":[{"href":"https:\/\/www.losmusicosdesualteza.com\/en\/wp-json\/wp\/v2\/media?parent=1488"}],"wp:term":[{"taxonomy":"category","embeddable":true,"href":"https:\/\/www.losmusicosdesualteza.com\/en\/wp-json\/wp\/v2\/categories?post=1488"},{"taxonomy":"post_tag","embeddable":true,"href":"https:\/\/www.losmusicosdesualteza.com\/en\/wp-json\/wp\/v2\/tags?post=1488"}],"curies":[{"name":"wp","href":"https:\/\/api.w.org\/{rel}","templated":true}]}}