{"id":2925,"date":"2021-07-20T16:44:09","date_gmt":"2021-07-20T16:44:09","guid":{"rendered":"https:\/\/www.losmusicosdesualteza.com\/?p=2925"},"modified":"2021-09-30T10:00:24","modified_gmt":"2021-09-30T10:00:24","slug":"luis-antonio-gonzalez-en-la-setmana-de-musica-antiga-de-la-colonia-de-sant-pere","status":"publish","type":"post","link":"https:\/\/www.losmusicosdesualteza.com\/en\/luis-antonio-gonzalez-en-la-setmana-de-musica-antiga-de-la-colonia-de-sant-pere\/","title":{"rendered":"Luis Antonio Gonz\u00e1lez en la Setmana de M\u00fasica Antiga de la Col\u00f2nia de Sant Pere"},"content":{"rendered":"<p>El 25 de julio Luis Antonio Gonz\u00e1lez participa en la Setmana de M\u00fasica Antiga de la Col\u00f2nia de Sant Pere (Mallorca), como director invitado del Ensemble Antoni Lliteres OSIB, integrado por solistas de la <span class=\"nc684nl6\">Orquestra Simf\u00f2nica de les Illes Balears y algunos colaboradores, junto a la soprano Irene Mas Salom. El programa <em>Buc\u00f2lica: aires de pagesia al voltant de J.S. Bach<\/em> comprende obras de Bach, Telemann y St\u00f6lzel.<\/span><\/p>\n<p>Iglesia de la Col\u00f2nia de Sant Pere (Mallorca)<\/p>\n<p>25 de julio, 20:00 horas<\/p>\n","protected":false},"excerpt":{"rendered":"<p>El 25 de julio Luis Antonio Gonz\u00e1lez participa en la Setmana de M\u00fasica Antiga de la Col\u00f2nia de Sant Pere (Mallorca), como director invitado del Ensemble Antoni Lliteres OSIB, integrado por solistas de la Orquestra &#8230; <a href=\"https:\/\/www.losmusicosdesualteza.com\/en\/luis-antonio-gonzalez-en-la-setmana-de-musica-antiga-de-la-colonia-de-sant-pere\/\" class=\"more-link\">Read More<\/a><\/p>\n","protected":false},"author":2,"featured_media":2926,"comment_status":"closed","ping_status":"closed","sticky":false,"template":"","format":"standard","meta":{"footnotes":""},"categories":[8],"tags":[],"class_list":["post-2925","post","type-post","status-publish","format-standard","has-post-thumbnail","hentry","category-conciertos"],"yoast_head":"<!-- This site is optimized with the Yoast SEO plugin v27.1.1 - https:\/\/yoast.com\/product\/yoast-seo-wordpress\/ -->\n<title>Luis Antonio Gonz\u00e1lez en la Setmana de M\u00fasica Antiga de la Col\u00f2nia de Sant Pere - Los M\u00fasicos De Su Alteza<\/title>\n<meta name=\"robots\" content=\"index, follow, max-snippet:-1, max-image-preview:large, max-video-preview:-1\" \/>\n<link rel=\"canonical\" href=\"https:\/\/www.losmusicosdesualteza.com\/luis-antonio-gonzalez-en-la-setmana-de-musica-antiga-de-la-colonia-de-sant-pere\/\" \/>\n<meta property=\"og:locale\" content=\"en_US\" \/>\n<meta property=\"og:type\" content=\"article\" \/>\n<meta property=\"og:title\" content=\"Luis Antonio Gonz\u00e1lez en la Setmana de M\u00fasica Antiga de la Col\u00f2nia de Sant Pere - Los M\u00fasicos De Su Alteza\" \/>\n<meta property=\"og:description\" content=\"El 25 de julio Luis Antonio Gonz\u00e1lez participa en la Setmana de M\u00fasica Antiga de la Col\u00f2nia de Sant Pere (Mallorca), como director invitado del Ensemble Antoni Lliteres OSIB, integrado por solistas de la Orquestra ... Read More\" \/>\n<meta property=\"og:url\" content=\"https:\/\/www.losmusicosdesualteza.com\/luis-antonio-gonzalez-en-la-setmana-de-musica-antiga-de-la-colonia-de-sant-pere\/\" \/>\n<meta property=\"og:site_name\" content=\"Los M\u00fasicos De Su Alteza\" \/>\n<meta property=\"article:publisher\" content=\"https:\/\/www.facebook.com\/losmusicosdesualteza\" \/>\n<meta property=\"article:published_time\" content=\"2021-07-20T16:44:09+00:00\" \/>\n<meta property=\"article:modified_time\" content=\"2021-09-30T10:00:24+00:00\" \/>\n<meta property=\"og:image\" content=\"https:\/\/www.losmusicosdesualteza.com\/wp-content\/uploads\/2021\/09\/Cartell_2021.jpg\" \/>\n\t<meta property=\"og:image:width\" content=\"1358\" \/>\n\t<meta property=\"og:image:height\" content=\"1920\" \/>\n\t<meta property=\"og:image:type\" content=\"image\/jpeg\" \/>\n<meta name=\"author\" content=\"MVSA\" \/>\n<meta name=\"twitter:card\" content=\"summary_large_image\" \/>\n<meta name=\"twitter:label1\" content=\"Written by\" \/>\n\t<meta name=\"twitter:data1\" content=\"MVSA\" \/>\n<script type=\"application\/ld+json\" class=\"yoast-schema-graph\">{\"@context\":\"https:\/\/schema.org\",\"@graph\":[{\"@type\":\"Article\",\"@id\":\"https:\/\/www.losmusicosdesualteza.com\/luis-antonio-gonzalez-en-la-setmana-de-musica-antiga-de-la-colonia-de-sant-pere\/#article\",\"isPartOf\":{\"@id\":\"https:\/\/www.losmusicosdesualteza.com\/luis-antonio-gonzalez-en-la-setmana-de-musica-antiga-de-la-colonia-de-sant-pere\/\"},\"author\":{\"name\":\"MVSA\",\"@id\":\"https:\/\/www.losmusicosdesualteza.com\/en\/#\/schema\/person\/f88804d5ced1a951a4386d258cb837f0\"},\"headline\":\"Luis Antonio Gonz\u00e1lez en la Setmana de M\u00fasica Antiga de la Col\u00f2nia de Sant Pere\",\"datePublished\":\"2021-07-20T16:44:09+00:00\",\"dateModified\":\"2021-09-30T10:00:24+00:00\",\"mainEntityOfPage\":{\"@id\":\"https:\/\/www.losmusicosdesualteza.com\/luis-antonio-gonzalez-en-la-setmana-de-musica-antiga-de-la-colonia-de-sant-pere\/\"},\"wordCount\":104,\"publisher\":{\"@id\":\"https:\/\/www.losmusicosdesualteza.com\/en\/#organization\"},\"image\":{\"@id\":\"https:\/\/www.losmusicosdesualteza.com\/luis-antonio-gonzalez-en-la-setmana-de-musica-antiga-de-la-colonia-de-sant-pere\/#primaryimage\"},\"thumbnailUrl\":\"https:\/\/www.losmusicosdesualteza.com\/wp-content\/uploads\/2021\/09\/Cartell_2021.jpg\",\"articleSection\":[\"Conciertos\"],\"inLanguage\":\"en-US\"},{\"@type\":\"WebPage\",\"@id\":\"https:\/\/www.losmusicosdesualteza.com\/luis-antonio-gonzalez-en-la-setmana-de-musica-antiga-de-la-colonia-de-sant-pere\/\",\"url\":\"https:\/\/www.losmusicosdesualteza.com\/luis-antonio-gonzalez-en-la-setmana-de-musica-antiga-de-la-colonia-de-sant-pere\/\",\"name\":\"Luis Antonio Gonz\u00e1lez en la Setmana de M\u00fasica Antiga de la Col\u00f2nia de Sant Pere - Los M\u00fasicos De Su Alteza\",\"isPartOf\":{\"@id\":\"https:\/\/www.losmusicosdesualteza.com\/en\/#website\"},\"primaryImageOfPage\":{\"@id\":\"https:\/\/www.losmusicosdesualteza.com\/luis-antonio-gonzalez-en-la-setmana-de-musica-antiga-de-la-colonia-de-sant-pere\/#primaryimage\"},\"image\":{\"@id\":\"https:\/\/www.losmusicosdesualteza.com\/luis-antonio-gonzalez-en-la-setmana-de-musica-antiga-de-la-colonia-de-sant-pere\/#primaryimage\"},\"thumbnailUrl\":\"https:\/\/www.losmusicosdesualteza.com\/wp-content\/uploads\/2021\/09\/Cartell_2021.jpg\",\"datePublished\":\"2021-07-20T16:44:09+00:00\",\"dateModified\":\"2021-09-30T10:00:24+00:00\",\"breadcrumb\":{\"@id\":\"https:\/\/www.losmusicosdesualteza.com\/luis-antonio-gonzalez-en-la-setmana-de-musica-antiga-de-la-colonia-de-sant-pere\/#breadcrumb\"},\"inLanguage\":\"en-US\",\"potentialAction\":[{\"@type\":\"ReadAction\",\"target\":[\"https:\/\/www.losmusicosdesualteza.com\/luis-antonio-gonzalez-en-la-setmana-de-musica-antiga-de-la-colonia-de-sant-pere\/\"]}]},{\"@type\":\"ImageObject\",\"inLanguage\":\"en-US\",\"@id\":\"https:\/\/www.losmusicosdesualteza.com\/luis-antonio-gonzalez-en-la-setmana-de-musica-antiga-de-la-colonia-de-sant-pere\/#primaryimage\",\"url\":\"https:\/\/www.losmusicosdesualteza.com\/wp-content\/uploads\/2021\/09\/Cartell_2021.jpg\",\"contentUrl\":\"https:\/\/www.losmusicosdesualteza.com\/wp-content\/uploads\/2021\/09\/Cartell_2021.jpg\",\"width\":1358,\"height\":1920},{\"@type\":\"BreadcrumbList\",\"@id\":\"https:\/\/www.losmusicosdesualteza.com\/luis-antonio-gonzalez-en-la-setmana-de-musica-antiga-de-la-colonia-de-sant-pere\/#breadcrumb\",\"itemListElement\":[{\"@type\":\"ListItem\",\"position\":1,\"name\":\"Portada\",\"item\":\"https:\/\/www.losmusicosdesualteza.com\/en\/\"},{\"@type\":\"ListItem\",\"position\":2,\"name\":\"Luis Antonio Gonz\u00e1lez en la Setmana de M\u00fasica Antiga de la Col\u00f2nia de Sant Pere\"}]},{\"@type\":\"WebSite\",\"@id\":\"https:\/\/www.losmusicosdesualteza.com\/en\/#website\",\"url\":\"https:\/\/www.losmusicosdesualteza.com\/en\/\",\"name\":\"Los M\u00fasicos De Su Alteza\",\"description\":\"Los M\u00fasicos de Su Alteza - Luis Antonio Gonz\u00e1lez\",\"publisher\":{\"@id\":\"https:\/\/www.losmusicosdesualteza.com\/en\/#organization\"},\"potentialAction\":[{\"@type\":\"SearchAction\",\"target\":{\"@type\":\"EntryPoint\",\"urlTemplate\":\"https:\/\/www.losmusicosdesualteza.com\/en\/?s={search_term_string}\"},\"query-input\":{\"@type\":\"PropertyValueSpecification\",\"valueRequired\":true,\"valueName\":\"search_term_string\"}}],\"inLanguage\":\"en-US\"},{\"@type\":\"Organization\",\"@id\":\"https:\/\/www.losmusicosdesualteza.com\/en\/#organization\",\"name\":\"Los M\u00fasicos De Su Alteza\",\"url\":\"https:\/\/www.losmusicosdesualteza.com\/en\/\",\"logo\":{\"@type\":\"ImageObject\",\"inLanguage\":\"en-US\",\"@id\":\"https:\/\/www.losmusicosdesualteza.com\/en\/#\/schema\/logo\/image\/\",\"url\":\"https:\/\/www.losmusicosdesualteza.com\/wp-content\/uploads\/2015\/12\/Logo-MVSA.png\",\"contentUrl\":\"https:\/\/www.losmusicosdesualteza.com\/wp-content\/uploads\/2015\/12\/Logo-MVSA.png\",\"width\":450,\"height\":405,\"caption\":\"Los M\u00fasicos De Su Alteza\"},\"image\":{\"@id\":\"https:\/\/www.losmusicosdesualteza.com\/en\/#\/schema\/logo\/image\/\"},\"sameAs\":[\"https:\/\/www.facebook.com\/losmusicosdesualteza\",\"https:\/\/www.instagram.com\/losmusicosdesualteza\"]},{\"@type\":\"Person\",\"@id\":\"https:\/\/www.losmusicosdesualteza.com\/en\/#\/schema\/person\/f88804d5ced1a951a4386d258cb837f0\",\"name\":\"MVSA\",\"image\":{\"@type\":\"ImageObject\",\"inLanguage\":\"en-US\",\"@id\":\"https:\/\/www.losmusicosdesualteza.com\/en\/#\/schema\/person\/image\/\",\"url\":\"https:\/\/secure.gravatar.com\/avatar\/56c4024999ce8377643727cab6c4140786659c4bcd6f4f706d843062e5482af1?s=96&d=mm&r=g\",\"contentUrl\":\"https:\/\/secure.gravatar.com\/avatar\/56c4024999ce8377643727cab6c4140786659c4bcd6f4f706d843062e5482af1?s=96&d=mm&r=g\",\"caption\":\"MVSA\"},\"url\":\"https:\/\/www.losmusicosdesualteza.com\/en\/author\/luis\/\"}]}<\/script>\n<!-- \/ Yoast SEO plugin. -->","yoast_head_json":{"title":"Luis Antonio Gonz\u00e1lez en la Setmana de M\u00fasica Antiga de la Col\u00f2nia de Sant Pere - Los M\u00fasicos De Su Alteza","robots":{"index":"index","follow":"follow","max-snippet":"max-snippet:-1","max-image-preview":"max-image-preview:large","max-video-preview":"max-video-preview:-1"},"canonical":"https:\/\/www.losmusicosdesualteza.com\/luis-antonio-gonzalez-en-la-setmana-de-musica-antiga-de-la-colonia-de-sant-pere\/","og_locale":"en_US","og_type":"article","og_title":"Luis Antonio Gonz\u00e1lez en la Setmana de M\u00fasica Antiga de la Col\u00f2nia de Sant Pere - Los M\u00fasicos De Su Alteza","og_description":"El 25 de julio Luis Antonio Gonz\u00e1lez participa en la Setmana de M\u00fasica Antiga de la Col\u00f2nia de Sant Pere (Mallorca), como director invitado del Ensemble Antoni Lliteres OSIB, integrado por solistas de la Orquestra ... Read More","og_url":"https:\/\/www.losmusicosdesualteza.com\/luis-antonio-gonzalez-en-la-setmana-de-musica-antiga-de-la-colonia-de-sant-pere\/","og_site_name":"Los M\u00fasicos De Su Alteza","article_publisher":"https:\/\/www.facebook.com\/losmusicosdesualteza","article_published_time":"2021-07-20T16:44:09+00:00","article_modified_time":"2021-09-30T10:00:24+00:00","og_image":[{"width":1358,"height":1920,"url":"https:\/\/www.losmusicosdesualteza.com\/wp-content\/uploads\/2021\/09\/Cartell_2021.jpg","type":"image\/jpeg"}],"author":"MVSA","twitter_card":"summary_large_image","twitter_misc":{"Written by":"MVSA"},"schema":{"@context":"https:\/\/schema.org","@graph":[{"@type":"Article","@id":"https:\/\/www.losmusicosdesualteza.com\/luis-antonio-gonzalez-en-la-setmana-de-musica-antiga-de-la-colonia-de-sant-pere\/#article","isPartOf":{"@id":"https:\/\/www.losmusicosdesualteza.com\/luis-antonio-gonzalez-en-la-setmana-de-musica-antiga-de-la-colonia-de-sant-pere\/"},"author":{"name":"MVSA","@id":"https:\/\/www.losmusicosdesualteza.com\/en\/#\/schema\/person\/f88804d5ced1a951a4386d258cb837f0"},"headline":"Luis Antonio Gonz\u00e1lez en la Setmana de M\u00fasica Antiga de la Col\u00f2nia de Sant Pere","datePublished":"2021-07-20T16:44:09+00:00","dateModified":"2021-09-30T10:00:24+00:00","mainEntityOfPage":{"@id":"https:\/\/www.losmusicosdesualteza.com\/luis-antonio-gonzalez-en-la-setmana-de-musica-antiga-de-la-colonia-de-sant-pere\/"},"wordCount":104,"publisher":{"@id":"https:\/\/www.losmusicosdesualteza.com\/en\/#organization"},"image":{"@id":"https:\/\/www.losmusicosdesualteza.com\/luis-antonio-gonzalez-en-la-setmana-de-musica-antiga-de-la-colonia-de-sant-pere\/#primaryimage"},"thumbnailUrl":"https:\/\/www.losmusicosdesualteza.com\/wp-content\/uploads\/2021\/09\/Cartell_2021.jpg","articleSection":["Conciertos"],"inLanguage":"en-US"},{"@type":"WebPage","@id":"https:\/\/www.losmusicosdesualteza.com\/luis-antonio-gonzalez-en-la-setmana-de-musica-antiga-de-la-colonia-de-sant-pere\/","url":"https:\/\/www.losmusicosdesualteza.com\/luis-antonio-gonzalez-en-la-setmana-de-musica-antiga-de-la-colonia-de-sant-pere\/","name":"Luis Antonio Gonz\u00e1lez en la Setmana de M\u00fasica Antiga de la Col\u00f2nia de Sant Pere - Los M\u00fasicos De Su Alteza","isPartOf":{"@id":"https:\/\/www.losmusicosdesualteza.com\/en\/#website"},"primaryImageOfPage":{"@id":"https:\/\/www.losmusicosdesualteza.com\/luis-antonio-gonzalez-en-la-setmana-de-musica-antiga-de-la-colonia-de-sant-pere\/#primaryimage"},"image":{"@id":"https:\/\/www.losmusicosdesualteza.com\/luis-antonio-gonzalez-en-la-setmana-de-musica-antiga-de-la-colonia-de-sant-pere\/#primaryimage"},"thumbnailUrl":"https:\/\/www.losmusicosdesualteza.com\/wp-content\/uploads\/2021\/09\/Cartell_2021.jpg","datePublished":"2021-07-20T16:44:09+00:00","dateModified":"2021-09-30T10:00:24+00:00","breadcrumb":{"@id":"https:\/\/www.losmusicosdesualteza.com\/luis-antonio-gonzalez-en-la-setmana-de-musica-antiga-de-la-colonia-de-sant-pere\/#breadcrumb"},"inLanguage":"en-US","potentialAction":[{"@type":"ReadAction","target":["https:\/\/www.losmusicosdesualteza.com\/luis-antonio-gonzalez-en-la-setmana-de-musica-antiga-de-la-colonia-de-sant-pere\/"]}]},{"@type":"ImageObject","inLanguage":"en-US","@id":"https:\/\/www.losmusicosdesualteza.com\/luis-antonio-gonzalez-en-la-setmana-de-musica-antiga-de-la-colonia-de-sant-pere\/#primaryimage","url":"https:\/\/www.losmusicosdesualteza.com\/wp-content\/uploads\/2021\/09\/Cartell_2021.jpg","contentUrl":"https:\/\/www.losmusicosdesualteza.com\/wp-content\/uploads\/2021\/09\/Cartell_2021.jpg","width":1358,"height":1920},{"@type":"BreadcrumbList","@id":"https:\/\/www.losmusicosdesualteza.com\/luis-antonio-gonzalez-en-la-setmana-de-musica-antiga-de-la-colonia-de-sant-pere\/#breadcrumb","itemListElement":[{"@type":"ListItem","position":1,"name":"Portada","item":"https:\/\/www.losmusicosdesualteza.com\/en\/"},{"@type":"ListItem","position":2,"name":"Luis Antonio Gonz\u00e1lez en la Setmana de M\u00fasica Antiga de la Col\u00f2nia de Sant Pere"}]},{"@type":"WebSite","@id":"https:\/\/www.losmusicosdesualteza.com\/en\/#website","url":"https:\/\/www.losmusicosdesualteza.com\/en\/","name":"Los M\u00fasicos De Su Alteza","description":"Los M\u00fasicos de Su Alteza - Luis Antonio Gonz\u00e1lez","publisher":{"@id":"https:\/\/www.losmusicosdesualteza.com\/en\/#organization"},"potentialAction":[{"@type":"SearchAction","target":{"@type":"EntryPoint","urlTemplate":"https:\/\/www.losmusicosdesualteza.com\/en\/?s={search_term_string}"},"query-input":{"@type":"PropertyValueSpecification","valueRequired":true,"valueName":"search_term_string"}}],"inLanguage":"en-US"},{"@type":"Organization","@id":"https:\/\/www.losmusicosdesualteza.com\/en\/#organization","name":"Los M\u00fasicos De Su Alteza","url":"https:\/\/www.losmusicosdesualteza.com\/en\/","logo":{"@type":"ImageObject","inLanguage":"en-US","@id":"https:\/\/www.losmusicosdesualteza.com\/en\/#\/schema\/logo\/image\/","url":"https:\/\/www.losmusicosdesualteza.com\/wp-content\/uploads\/2015\/12\/Logo-MVSA.png","contentUrl":"https:\/\/www.losmusicosdesualteza.com\/wp-content\/uploads\/2015\/12\/Logo-MVSA.png","width":450,"height":405,"caption":"Los M\u00fasicos De Su Alteza"},"image":{"@id":"https:\/\/www.losmusicosdesualteza.com\/en\/#\/schema\/logo\/image\/"},"sameAs":["https:\/\/www.facebook.com\/losmusicosdesualteza","https:\/\/www.instagram.com\/losmusicosdesualteza"]},{"@type":"Person","@id":"https:\/\/www.losmusicosdesualteza.com\/en\/#\/schema\/person\/f88804d5ced1a951a4386d258cb837f0","name":"MVSA","image":{"@type":"ImageObject","inLanguage":"en-US","@id":"https:\/\/www.losmusicosdesualteza.com\/en\/#\/schema\/person\/image\/","url":"https:\/\/secure.gravatar.com\/avatar\/56c4024999ce8377643727cab6c4140786659c4bcd6f4f706d843062e5482af1?s=96&d=mm&r=g","contentUrl":"https:\/\/secure.gravatar.com\/avatar\/56c4024999ce8377643727cab6c4140786659c4bcd6f4f706d843062e5482af1?s=96&d=mm&r=g","caption":"MVSA"},"url":"https:\/\/www.losmusicosdesualteza.com\/en\/author\/luis\/"}]}},"_links":{"self":[{"href":"https:\/\/www.losmusicosdesualteza.com\/en\/wp-json\/wp\/v2\/posts\/2925","targetHints":{"allow":["GET"]}}],"collection":[{"href":"https:\/\/www.losmusicosdesualteza.com\/en\/wp-json\/wp\/v2\/posts"}],"about":[{"href":"https:\/\/www.losmusicosdesualteza.com\/en\/wp-json\/wp\/v2\/types\/post"}],"author":[{"embeddable":true,"href":"https:\/\/www.losmusicosdesualteza.com\/en\/wp-json\/wp\/v2\/users\/2"}],"replies":[{"embeddable":true,"href":"https:\/\/www.losmusicosdesualteza.com\/en\/wp-json\/wp\/v2\/comments?post=2925"}],"version-history":[{"count":1,"href":"https:\/\/www.losmusicosdesualteza.com\/en\/wp-json\/wp\/v2\/posts\/2925\/revisions"}],"predecessor-version":[{"id":2928,"href":"https:\/\/www.losmusicosdesualteza.com\/en\/wp-json\/wp\/v2\/posts\/2925\/revisions\/2928"}],"wp:featuredmedia":[{"embeddable":true,"href":"https:\/\/www.losmusicosdesualteza.com\/en\/wp-json\/wp\/v2\/media\/2926"}],"wp:attachment":[{"href":"https:\/\/www.losmusicosdesualteza.com\/en\/wp-json\/wp\/v2\/media?parent=2925"}],"wp:term":[{"taxonomy":"category","embeddable":true,"href":"https:\/\/www.losmusicosdesualteza.com\/en\/wp-json\/wp\/v2\/categories?post=2925"},{"taxonomy":"post_tag","embeddable":true,"href":"https:\/\/www.losmusicosdesualteza.com\/en\/wp-json\/wp\/v2\/tags?post=2925"}],"curies":[{"name":"wp","href":"https:\/\/api.w.org\/{rel}","templated":true}]}}