{"id":3001,"date":"2021-11-05T15:46:13","date_gmt":"2021-11-05T15:46:13","guid":{"rendered":"https:\/\/www.losmusicosdesualteza.com\/?p=3001"},"modified":"2021-11-05T15:46:13","modified_gmt":"2021-11-05T15:46:13","slug":"donde-hay-violencia-no-hay-culpa-de-nebra-en-el-auditorio-de-zaragoza","status":"publish","type":"post","link":"https:\/\/www.losmusicosdesualteza.com\/en\/donde-hay-violencia-no-hay-culpa-de-nebra-en-el-auditorio-de-zaragoza\/","title":{"rendered":"&#8216;DONDE HAY VIOLENCIA NO HAY CULPA&#8217;, DE NEBRA, EN EL AUDITORIO DE ZARAGOZA"},"content":{"rendered":"<p>Dentro de la Temporada de Grandes Conciertos Auditorio Filarm\u00f3nico, Los M\u00fasicos de Su Alteza presentan en Zaragoza la zarzuela <em>Donde hay violencia no hay culpa, <\/em>de Jos\u00e9 de Nebra sobre libreto de Nicol\u00e1s Gonz\u00e1lez Mart\u00ednez. Este concierto se inscribe en los actos conmemorativos del 275 aniversario del nacimiento de Francisco de Goya.<\/p>\n<p>Francisco de Goya, como atestiguan diversas fuentes documentales, fue en su juventud aficionado a la m\u00fasica, como a toda clase de espect\u00e1culos y placeres que constitu\u00edan la \u201cbuena vida\u201d. Antes de desarrollar su sordera, Goya tuvo una manifiesta inclinaci\u00f3n a la m\u00fasica, y us\u00f3 im\u00e1genes musicales en su pintura, dibujos y grabados durante toda su vida. Celebramos el 275 aniversario de su nacimiento en Fuendetodos con una obra de otro genio aragon\u00e9s del siglo XVIII, con quien posiblemente Goya pudo encontrarse en sus primeros viajes a Madrid, el bilbilitano bilbilitano Jos\u00e9 de Nebra. La zarzuela Donde hay violencia no hay culpa fue estrenada en Madrid en un teatro privado dos a\u00f1os antes del nacimiento de Goya, pero vivi\u00f3 con \u00e9xito numerosas reposiciones en los escenarios p\u00fablicos a lo largo de m\u00e1s de una d\u00e9cada. El argumento de este drama o zarzuela, que transcurre en la antigua Roma, trata el conocido tema de la violaci\u00f3n de Lucrecia, su suicidio y la consiguiente revuelta que acab\u00f3 con la monarqu\u00eda de los Tarquinios e instaur\u00f3 la rep\u00fablica romana.<\/p>\n<p>Reparto (por orden alfab\u00e9tico):<\/p>\n<p><strong>Olalla Alem\u00e1n<\/strong>, <em>Lucrecia<\/em><\/p>\n<p><strong>Eugenia Boix<\/strong>, <em>Laureta<\/em><\/p>\n<p><strong>Luc\u00eda Caihuela<\/strong>, <em>Colatino<\/em><\/p>\n<p><strong>Irene Mas Salom<\/strong>, <em>Tulia<\/em><\/p>\n<p><strong>Mar\u00eda Jos\u00e9 Moreno<\/strong>, <em>Narradora<\/em><\/p>\n<p>&nbsp;<\/p>\n<p><strong>Coro Amici Musicae<\/strong> (<strong>Igor Tantos<\/strong>, director)<\/p>\n<p>&nbsp;<\/p>\n<p><strong>Los M\u00fasicos de Su Alteza<\/strong>, <em>orquesta barroca<\/em><\/p>\n<p><em>clave y direcci\u00f3n:<\/em><strong> Luis Antonio Gonz\u00e1lez<\/strong><\/p>\n<p>&nbsp;<\/p>\n<p>&nbsp;<\/p>\n<p>Edici\u00f3n: Luis Antonio Gonz\u00e1lez y Carlos Gonz\u00e1lez<\/p>\n<p>Versi\u00f3n semiescenificada, con dramaturgia adaptada por Mamen Mart\u00ednez y Luis Antonio Gonz\u00e1lez<\/p>\n<p>&nbsp;<\/p>\n<p>Zaragoza, Sala Mozart del Auditorio<\/p>\n<p>29 de noviembre, 19:30 horas<\/p>\n","protected":false},"excerpt":{"rendered":"<p>Dentro de la Temporada de Grandes Conciertos Auditorio Filarm\u00f3nico, Los M\u00fasicos de Su Alteza presentan en Zaragoza la zarzuela Donde hay violencia no hay culpa, de Jos\u00e9 de Nebra sobre libreto de Nicol\u00e1s Gonz\u00e1lez Mart\u00ednez. &#8230; <a href=\"https:\/\/www.losmusicosdesualteza.com\/en\/donde-hay-violencia-no-hay-culpa-de-nebra-en-el-auditorio-de-zaragoza\/\" class=\"more-link\">Read More<\/a><\/p>\n","protected":false},"author":2,"featured_media":3002,"comment_status":"closed","ping_status":"closed","sticky":false,"template":"","format":"standard","meta":{"footnotes":""},"categories":[8],"tags":[],"class_list":["post-3001","post","type-post","status-publish","format-standard","has-post-thumbnail","hentry","category-conciertos"],"yoast_head":"<!-- This site is optimized with the Yoast SEO plugin v27.1.1 - https:\/\/yoast.com\/product\/yoast-seo-wordpress\/ -->\n<title>&#039;DONDE HAY VIOLENCIA NO HAY CULPA&#039;, DE NEBRA, EN EL AUDITORIO DE ZARAGOZA - Los M\u00fasicos De Su Alteza<\/title>\n<meta name=\"robots\" content=\"index, follow, max-snippet:-1, max-image-preview:large, max-video-preview:-1\" \/>\n<link rel=\"canonical\" href=\"https:\/\/www.losmusicosdesualteza.com\/donde-hay-violencia-no-hay-culpa-de-nebra-en-el-auditorio-de-zaragoza\/\" \/>\n<meta property=\"og:locale\" content=\"en_US\" \/>\n<meta property=\"og:type\" content=\"article\" \/>\n<meta property=\"og:title\" content=\"&#039;DONDE HAY VIOLENCIA NO HAY CULPA&#039;, DE NEBRA, EN EL AUDITORIO DE ZARAGOZA - Los M\u00fasicos De Su Alteza\" \/>\n<meta property=\"og:description\" content=\"Dentro de la Temporada de Grandes Conciertos Auditorio Filarm\u00f3nico, Los M\u00fasicos de Su Alteza presentan en Zaragoza la zarzuela Donde hay violencia no hay culpa, de Jos\u00e9 de Nebra sobre libreto de Nicol\u00e1s Gonz\u00e1lez Mart\u00ednez. ... Read More\" \/>\n<meta property=\"og:url\" content=\"https:\/\/www.losmusicosdesualteza.com\/donde-hay-violencia-no-hay-culpa-de-nebra-en-el-auditorio-de-zaragoza\/\" \/>\n<meta property=\"og:site_name\" content=\"Los M\u00fasicos De Su Alteza\" \/>\n<meta property=\"article:publisher\" content=\"https:\/\/www.facebook.com\/losmusicosdesualteza\" \/>\n<meta property=\"article:published_time\" content=\"2021-11-05T15:46:13+00:00\" \/>\n<meta property=\"og:image\" content=\"https:\/\/www.losmusicosdesualteza.com\/wp-content\/uploads\/2021\/11\/Sin-ti\u0301tulo-copia.jpg\" \/>\n\t<meta property=\"og:image:width\" content=\"877\" \/>\n\t<meta property=\"og:image:height\" content=\"792\" \/>\n\t<meta property=\"og:image:type\" content=\"image\/jpeg\" \/>\n<meta name=\"author\" content=\"MVSA\" \/>\n<meta name=\"twitter:card\" content=\"summary_large_image\" \/>\n<meta name=\"twitter:label1\" content=\"Written by\" \/>\n\t<meta name=\"twitter:data1\" content=\"MVSA\" \/>\n\t<meta name=\"twitter:label2\" content=\"Est. reading time\" \/>\n\t<meta name=\"twitter:data2\" content=\"2 minutes\" \/>\n<script type=\"application\/ld+json\" class=\"yoast-schema-graph\">{\"@context\":\"https:\/\/schema.org\",\"@graph\":[{\"@type\":\"Article\",\"@id\":\"https:\/\/www.losmusicosdesualteza.com\/donde-hay-violencia-no-hay-culpa-de-nebra-en-el-auditorio-de-zaragoza\/#article\",\"isPartOf\":{\"@id\":\"https:\/\/www.losmusicosdesualteza.com\/donde-hay-violencia-no-hay-culpa-de-nebra-en-el-auditorio-de-zaragoza\/\"},\"author\":{\"name\":\"MVSA\",\"@id\":\"https:\/\/www.losmusicosdesualteza.com\/en\/#\/schema\/person\/f88804d5ced1a951a4386d258cb837f0\"},\"headline\":\"&#8216;DONDE HAY VIOLENCIA NO HAY CULPA&#8217;, DE NEBRA, EN EL AUDITORIO DE ZARAGOZA\",\"datePublished\":\"2021-11-05T15:46:13+00:00\",\"mainEntityOfPage\":{\"@id\":\"https:\/\/www.losmusicosdesualteza.com\/donde-hay-violencia-no-hay-culpa-de-nebra-en-el-auditorio-de-zaragoza\/\"},\"wordCount\":342,\"publisher\":{\"@id\":\"https:\/\/www.losmusicosdesualteza.com\/en\/#organization\"},\"image\":{\"@id\":\"https:\/\/www.losmusicosdesualteza.com\/donde-hay-violencia-no-hay-culpa-de-nebra-en-el-auditorio-de-zaragoza\/#primaryimage\"},\"thumbnailUrl\":\"https:\/\/www.losmusicosdesualteza.com\/wp-content\/uploads\/2021\/11\/Sin-ti\u0301tulo-copia.jpg\",\"articleSection\":[\"Conciertos\"],\"inLanguage\":\"en-US\"},{\"@type\":\"WebPage\",\"@id\":\"https:\/\/www.losmusicosdesualteza.com\/donde-hay-violencia-no-hay-culpa-de-nebra-en-el-auditorio-de-zaragoza\/\",\"url\":\"https:\/\/www.losmusicosdesualteza.com\/donde-hay-violencia-no-hay-culpa-de-nebra-en-el-auditorio-de-zaragoza\/\",\"name\":\"'DONDE HAY VIOLENCIA NO HAY CULPA', DE NEBRA, EN EL AUDITORIO DE ZARAGOZA - Los M\u00fasicos De Su Alteza\",\"isPartOf\":{\"@id\":\"https:\/\/www.losmusicosdesualteza.com\/en\/#website\"},\"primaryImageOfPage\":{\"@id\":\"https:\/\/www.losmusicosdesualteza.com\/donde-hay-violencia-no-hay-culpa-de-nebra-en-el-auditorio-de-zaragoza\/#primaryimage\"},\"image\":{\"@id\":\"https:\/\/www.losmusicosdesualteza.com\/donde-hay-violencia-no-hay-culpa-de-nebra-en-el-auditorio-de-zaragoza\/#primaryimage\"},\"thumbnailUrl\":\"https:\/\/www.losmusicosdesualteza.com\/wp-content\/uploads\/2021\/11\/Sin-ti\u0301tulo-copia.jpg\",\"datePublished\":\"2021-11-05T15:46:13+00:00\",\"breadcrumb\":{\"@id\":\"https:\/\/www.losmusicosdesualteza.com\/donde-hay-violencia-no-hay-culpa-de-nebra-en-el-auditorio-de-zaragoza\/#breadcrumb\"},\"inLanguage\":\"en-US\",\"potentialAction\":[{\"@type\":\"ReadAction\",\"target\":[\"https:\/\/www.losmusicosdesualteza.com\/donde-hay-violencia-no-hay-culpa-de-nebra-en-el-auditorio-de-zaragoza\/\"]}]},{\"@type\":\"ImageObject\",\"inLanguage\":\"en-US\",\"@id\":\"https:\/\/www.losmusicosdesualteza.com\/donde-hay-violencia-no-hay-culpa-de-nebra-en-el-auditorio-de-zaragoza\/#primaryimage\",\"url\":\"https:\/\/www.losmusicosdesualteza.com\/wp-content\/uploads\/2021\/11\/Sin-ti\u0301tulo-copia.jpg\",\"contentUrl\":\"https:\/\/www.losmusicosdesualteza.com\/wp-content\/uploads\/2021\/11\/Sin-ti\u0301tulo-copia.jpg\",\"width\":877,\"height\":792},{\"@type\":\"BreadcrumbList\",\"@id\":\"https:\/\/www.losmusicosdesualteza.com\/donde-hay-violencia-no-hay-culpa-de-nebra-en-el-auditorio-de-zaragoza\/#breadcrumb\",\"itemListElement\":[{\"@type\":\"ListItem\",\"position\":1,\"name\":\"Portada\",\"item\":\"https:\/\/www.losmusicosdesualteza.com\/en\/\"},{\"@type\":\"ListItem\",\"position\":2,\"name\":\"&#8216;DONDE HAY VIOLENCIA NO HAY CULPA&#8217;, DE NEBRA, EN EL AUDITORIO DE ZARAGOZA\"}]},{\"@type\":\"WebSite\",\"@id\":\"https:\/\/www.losmusicosdesualteza.com\/en\/#website\",\"url\":\"https:\/\/www.losmusicosdesualteza.com\/en\/\",\"name\":\"Los M\u00fasicos De Su Alteza\",\"description\":\"Los M\u00fasicos de Su Alteza - Luis Antonio Gonz\u00e1lez\",\"publisher\":{\"@id\":\"https:\/\/www.losmusicosdesualteza.com\/en\/#organization\"},\"potentialAction\":[{\"@type\":\"SearchAction\",\"target\":{\"@type\":\"EntryPoint\",\"urlTemplate\":\"https:\/\/www.losmusicosdesualteza.com\/en\/?s={search_term_string}\"},\"query-input\":{\"@type\":\"PropertyValueSpecification\",\"valueRequired\":true,\"valueName\":\"search_term_string\"}}],\"inLanguage\":\"en-US\"},{\"@type\":\"Organization\",\"@id\":\"https:\/\/www.losmusicosdesualteza.com\/en\/#organization\",\"name\":\"Los M\u00fasicos De Su Alteza\",\"url\":\"https:\/\/www.losmusicosdesualteza.com\/en\/\",\"logo\":{\"@type\":\"ImageObject\",\"inLanguage\":\"en-US\",\"@id\":\"https:\/\/www.losmusicosdesualteza.com\/en\/#\/schema\/logo\/image\/\",\"url\":\"https:\/\/www.losmusicosdesualteza.com\/wp-content\/uploads\/2015\/12\/Logo-MVSA.png\",\"contentUrl\":\"https:\/\/www.losmusicosdesualteza.com\/wp-content\/uploads\/2015\/12\/Logo-MVSA.png\",\"width\":450,\"height\":405,\"caption\":\"Los M\u00fasicos De Su Alteza\"},\"image\":{\"@id\":\"https:\/\/www.losmusicosdesualteza.com\/en\/#\/schema\/logo\/image\/\"},\"sameAs\":[\"https:\/\/www.facebook.com\/losmusicosdesualteza\",\"https:\/\/www.instagram.com\/losmusicosdesualteza\"]},{\"@type\":\"Person\",\"@id\":\"https:\/\/www.losmusicosdesualteza.com\/en\/#\/schema\/person\/f88804d5ced1a951a4386d258cb837f0\",\"name\":\"MVSA\",\"image\":{\"@type\":\"ImageObject\",\"inLanguage\":\"en-US\",\"@id\":\"https:\/\/www.losmusicosdesualteza.com\/en\/#\/schema\/person\/image\/\",\"url\":\"https:\/\/secure.gravatar.com\/avatar\/56c4024999ce8377643727cab6c4140786659c4bcd6f4f706d843062e5482af1?s=96&d=mm&r=g\",\"contentUrl\":\"https:\/\/secure.gravatar.com\/avatar\/56c4024999ce8377643727cab6c4140786659c4bcd6f4f706d843062e5482af1?s=96&d=mm&r=g\",\"caption\":\"MVSA\"},\"url\":\"https:\/\/www.losmusicosdesualteza.com\/en\/author\/luis\/\"}]}<\/script>\n<!-- \/ Yoast SEO plugin. -->","yoast_head_json":{"title":"'DONDE HAY VIOLENCIA NO HAY CULPA', DE NEBRA, EN EL AUDITORIO DE ZARAGOZA - Los M\u00fasicos De Su Alteza","robots":{"index":"index","follow":"follow","max-snippet":"max-snippet:-1","max-image-preview":"max-image-preview:large","max-video-preview":"max-video-preview:-1"},"canonical":"https:\/\/www.losmusicosdesualteza.com\/donde-hay-violencia-no-hay-culpa-de-nebra-en-el-auditorio-de-zaragoza\/","og_locale":"en_US","og_type":"article","og_title":"'DONDE HAY VIOLENCIA NO HAY CULPA', DE NEBRA, EN EL AUDITORIO DE ZARAGOZA - Los M\u00fasicos De Su Alteza","og_description":"Dentro de la Temporada de Grandes Conciertos Auditorio Filarm\u00f3nico, Los M\u00fasicos de Su Alteza presentan en Zaragoza la zarzuela Donde hay violencia no hay culpa, de Jos\u00e9 de Nebra sobre libreto de Nicol\u00e1s Gonz\u00e1lez Mart\u00ednez. ... Read More","og_url":"https:\/\/www.losmusicosdesualteza.com\/donde-hay-violencia-no-hay-culpa-de-nebra-en-el-auditorio-de-zaragoza\/","og_site_name":"Los M\u00fasicos De Su Alteza","article_publisher":"https:\/\/www.facebook.com\/losmusicosdesualteza","article_published_time":"2021-11-05T15:46:13+00:00","og_image":[{"width":877,"height":792,"url":"https:\/\/www.losmusicosdesualteza.com\/wp-content\/uploads\/2021\/11\/Sin-ti\u0301tulo-copia.jpg","type":"image\/jpeg"}],"author":"MVSA","twitter_card":"summary_large_image","twitter_misc":{"Written by":"MVSA","Est. reading time":"2 minutes"},"schema":{"@context":"https:\/\/schema.org","@graph":[{"@type":"Article","@id":"https:\/\/www.losmusicosdesualteza.com\/donde-hay-violencia-no-hay-culpa-de-nebra-en-el-auditorio-de-zaragoza\/#article","isPartOf":{"@id":"https:\/\/www.losmusicosdesualteza.com\/donde-hay-violencia-no-hay-culpa-de-nebra-en-el-auditorio-de-zaragoza\/"},"author":{"name":"MVSA","@id":"https:\/\/www.losmusicosdesualteza.com\/en\/#\/schema\/person\/f88804d5ced1a951a4386d258cb837f0"},"headline":"&#8216;DONDE HAY VIOLENCIA NO HAY CULPA&#8217;, DE NEBRA, EN EL AUDITORIO DE ZARAGOZA","datePublished":"2021-11-05T15:46:13+00:00","mainEntityOfPage":{"@id":"https:\/\/www.losmusicosdesualteza.com\/donde-hay-violencia-no-hay-culpa-de-nebra-en-el-auditorio-de-zaragoza\/"},"wordCount":342,"publisher":{"@id":"https:\/\/www.losmusicosdesualteza.com\/en\/#organization"},"image":{"@id":"https:\/\/www.losmusicosdesualteza.com\/donde-hay-violencia-no-hay-culpa-de-nebra-en-el-auditorio-de-zaragoza\/#primaryimage"},"thumbnailUrl":"https:\/\/www.losmusicosdesualteza.com\/wp-content\/uploads\/2021\/11\/Sin-ti\u0301tulo-copia.jpg","articleSection":["Conciertos"],"inLanguage":"en-US"},{"@type":"WebPage","@id":"https:\/\/www.losmusicosdesualteza.com\/donde-hay-violencia-no-hay-culpa-de-nebra-en-el-auditorio-de-zaragoza\/","url":"https:\/\/www.losmusicosdesualteza.com\/donde-hay-violencia-no-hay-culpa-de-nebra-en-el-auditorio-de-zaragoza\/","name":"'DONDE HAY VIOLENCIA NO HAY CULPA', DE NEBRA, EN EL AUDITORIO DE ZARAGOZA - Los M\u00fasicos De Su Alteza","isPartOf":{"@id":"https:\/\/www.losmusicosdesualteza.com\/en\/#website"},"primaryImageOfPage":{"@id":"https:\/\/www.losmusicosdesualteza.com\/donde-hay-violencia-no-hay-culpa-de-nebra-en-el-auditorio-de-zaragoza\/#primaryimage"},"image":{"@id":"https:\/\/www.losmusicosdesualteza.com\/donde-hay-violencia-no-hay-culpa-de-nebra-en-el-auditorio-de-zaragoza\/#primaryimage"},"thumbnailUrl":"https:\/\/www.losmusicosdesualteza.com\/wp-content\/uploads\/2021\/11\/Sin-ti\u0301tulo-copia.jpg","datePublished":"2021-11-05T15:46:13+00:00","breadcrumb":{"@id":"https:\/\/www.losmusicosdesualteza.com\/donde-hay-violencia-no-hay-culpa-de-nebra-en-el-auditorio-de-zaragoza\/#breadcrumb"},"inLanguage":"en-US","potentialAction":[{"@type":"ReadAction","target":["https:\/\/www.losmusicosdesualteza.com\/donde-hay-violencia-no-hay-culpa-de-nebra-en-el-auditorio-de-zaragoza\/"]}]},{"@type":"ImageObject","inLanguage":"en-US","@id":"https:\/\/www.losmusicosdesualteza.com\/donde-hay-violencia-no-hay-culpa-de-nebra-en-el-auditorio-de-zaragoza\/#primaryimage","url":"https:\/\/www.losmusicosdesualteza.com\/wp-content\/uploads\/2021\/11\/Sin-ti\u0301tulo-copia.jpg","contentUrl":"https:\/\/www.losmusicosdesualteza.com\/wp-content\/uploads\/2021\/11\/Sin-ti\u0301tulo-copia.jpg","width":877,"height":792},{"@type":"BreadcrumbList","@id":"https:\/\/www.losmusicosdesualteza.com\/donde-hay-violencia-no-hay-culpa-de-nebra-en-el-auditorio-de-zaragoza\/#breadcrumb","itemListElement":[{"@type":"ListItem","position":1,"name":"Portada","item":"https:\/\/www.losmusicosdesualteza.com\/en\/"},{"@type":"ListItem","position":2,"name":"&#8216;DONDE HAY VIOLENCIA NO HAY CULPA&#8217;, DE NEBRA, EN EL AUDITORIO DE ZARAGOZA"}]},{"@type":"WebSite","@id":"https:\/\/www.losmusicosdesualteza.com\/en\/#website","url":"https:\/\/www.losmusicosdesualteza.com\/en\/","name":"Los M\u00fasicos De Su Alteza","description":"Los M\u00fasicos de Su Alteza - Luis Antonio Gonz\u00e1lez","publisher":{"@id":"https:\/\/www.losmusicosdesualteza.com\/en\/#organization"},"potentialAction":[{"@type":"SearchAction","target":{"@type":"EntryPoint","urlTemplate":"https:\/\/www.losmusicosdesualteza.com\/en\/?s={search_term_string}"},"query-input":{"@type":"PropertyValueSpecification","valueRequired":true,"valueName":"search_term_string"}}],"inLanguage":"en-US"},{"@type":"Organization","@id":"https:\/\/www.losmusicosdesualteza.com\/en\/#organization","name":"Los M\u00fasicos De Su Alteza","url":"https:\/\/www.losmusicosdesualteza.com\/en\/","logo":{"@type":"ImageObject","inLanguage":"en-US","@id":"https:\/\/www.losmusicosdesualteza.com\/en\/#\/schema\/logo\/image\/","url":"https:\/\/www.losmusicosdesualteza.com\/wp-content\/uploads\/2015\/12\/Logo-MVSA.png","contentUrl":"https:\/\/www.losmusicosdesualteza.com\/wp-content\/uploads\/2015\/12\/Logo-MVSA.png","width":450,"height":405,"caption":"Los M\u00fasicos De Su Alteza"},"image":{"@id":"https:\/\/www.losmusicosdesualteza.com\/en\/#\/schema\/logo\/image\/"},"sameAs":["https:\/\/www.facebook.com\/losmusicosdesualteza","https:\/\/www.instagram.com\/losmusicosdesualteza"]},{"@type":"Person","@id":"https:\/\/www.losmusicosdesualteza.com\/en\/#\/schema\/person\/f88804d5ced1a951a4386d258cb837f0","name":"MVSA","image":{"@type":"ImageObject","inLanguage":"en-US","@id":"https:\/\/www.losmusicosdesualteza.com\/en\/#\/schema\/person\/image\/","url":"https:\/\/secure.gravatar.com\/avatar\/56c4024999ce8377643727cab6c4140786659c4bcd6f4f706d843062e5482af1?s=96&d=mm&r=g","contentUrl":"https:\/\/secure.gravatar.com\/avatar\/56c4024999ce8377643727cab6c4140786659c4bcd6f4f706d843062e5482af1?s=96&d=mm&r=g","caption":"MVSA"},"url":"https:\/\/www.losmusicosdesualteza.com\/en\/author\/luis\/"}]}},"_links":{"self":[{"href":"https:\/\/www.losmusicosdesualteza.com\/en\/wp-json\/wp\/v2\/posts\/3001","targetHints":{"allow":["GET"]}}],"collection":[{"href":"https:\/\/www.losmusicosdesualteza.com\/en\/wp-json\/wp\/v2\/posts"}],"about":[{"href":"https:\/\/www.losmusicosdesualteza.com\/en\/wp-json\/wp\/v2\/types\/post"}],"author":[{"embeddable":true,"href":"https:\/\/www.losmusicosdesualteza.com\/en\/wp-json\/wp\/v2\/users\/2"}],"replies":[{"embeddable":true,"href":"https:\/\/www.losmusicosdesualteza.com\/en\/wp-json\/wp\/v2\/comments?post=3001"}],"version-history":[{"count":1,"href":"https:\/\/www.losmusicosdesualteza.com\/en\/wp-json\/wp\/v2\/posts\/3001\/revisions"}],"predecessor-version":[{"id":3004,"href":"https:\/\/www.losmusicosdesualteza.com\/en\/wp-json\/wp\/v2\/posts\/3001\/revisions\/3004"}],"wp:featuredmedia":[{"embeddable":true,"href":"https:\/\/www.losmusicosdesualteza.com\/en\/wp-json\/wp\/v2\/media\/3002"}],"wp:attachment":[{"href":"https:\/\/www.losmusicosdesualteza.com\/en\/wp-json\/wp\/v2\/media?parent=3001"}],"wp:term":[{"taxonomy":"category","embeddable":true,"href":"https:\/\/www.losmusicosdesualteza.com\/en\/wp-json\/wp\/v2\/categories?post=3001"},{"taxonomy":"post_tag","embeddable":true,"href":"https:\/\/www.losmusicosdesualteza.com\/en\/wp-json\/wp\/v2\/tags?post=3001"}],"curies":[{"name":"wp","href":"https:\/\/api.w.org\/{rel}","templated":true}]}}