{"id":47,"date":"2009-05-17T00:12:01","date_gmt":"2009-05-17T00:12:01","guid":{"rendered":"http:\/\/losmusicosdesualteza.wordpress.com\/?p=47"},"modified":"2016-01-15T12:02:22","modified_gmt":"2016-01-15T12:02:22","slug":"los-musicos-de-su-alteza-festejan-los-diez-primeros-anos-del-festival-musica-antigua-en-la-real-capilla-de-santa-isabel","status":"publish","type":"post","link":"https:\/\/www.losmusicosdesualteza.com\/en\/los-musicos-de-su-alteza-festejan-los-diez-primeros-anos-del-festival-musica-antigua-en-la-real-capilla-de-santa-isabel\/","title":{"rendered":"Los M\u00fasicos de Su Alteza festejan los diez primeros a\u00f1os del festival M\u00fasica Antigua en la Real Capilla de Santa Isabel"},"content":{"rendered":"<p>El 18 de mayo de 2009 Los M\u00fasicos de Su Alteza cierran el X festival <em>M\u00fasica Antigua en la Real Capilla de Santa Isabel<\/em>, de la Diputaci\u00f3n de Zaragoza, con un programa que incluye obras de Purcell, H\u00e4ndel, Nebra y Bach, celebrando tambi\u00e9n el d\u00e9cimo aniversario de su presentaci\u00f3n en formaci\u00f3n de orquesta.<\/p>\n<p><a href=\"http:\/\/losmusicosdesualteza.files.wordpress.com\/2009\/05\/viewer.png\"><img loading=\"lazy\" decoding=\"async\" class=\"alignnone size-medium wp-image-115\" title=\"viewer\" src=\"http:\/\/losmusicosdesualteza.files.wordpress.com\/2009\/05\/viewer.png?w=225\" alt=\"\" width=\"225\" height=\"300\" \/><\/a><\/p>\n","protected":false},"excerpt":{"rendered":"<p>El 18 de mayo de 2009 Los M\u00fasicos de Su Alteza cierran el X festival M\u00fasica Antigua en la Real Capilla de Santa Isabel, de la Diputaci\u00f3n de Zaragoza, con un programa que incluye obras &#8230; <a href=\"https:\/\/www.losmusicosdesualteza.com\/en\/los-musicos-de-su-alteza-festejan-los-diez-primeros-anos-del-festival-musica-antigua-en-la-real-capilla-de-santa-isabel\/\" class=\"more-link\">Read More<\/a><\/p>\n","protected":false},"author":3,"featured_media":0,"comment_status":"open","ping_status":"open","sticky":false,"template":"","format":"standard","meta":{"footnotes":""},"categories":[8,3],"tags":[],"class_list":["post-47","post","type-post","status-publish","format-standard","hentry","category-conciertos","category-noticias","no-post-thumbnail"],"yoast_head":"<!-- This site is optimized with the Yoast SEO plugin v27.1.1 - https:\/\/yoast.com\/product\/yoast-seo-wordpress\/ -->\n<title>Los M\u00fasicos de Su Alteza festejan los diez primeros a\u00f1os del festival M\u00fasica Antigua en la Real Capilla de Santa Isabel - Los M\u00fasicos De Su Alteza<\/title>\n<meta name=\"robots\" content=\"index, follow, max-snippet:-1, max-image-preview:large, max-video-preview:-1\" \/>\n<link rel=\"canonical\" href=\"https:\/\/www.losmusicosdesualteza.com\/en\/los-musicos-de-su-alteza-festejan-los-diez-primeros-anos-del-festival-musica-antigua-en-la-real-capilla-de-santa-isabel\/\" \/>\n<meta property=\"og:locale\" content=\"en_US\" \/>\n<meta property=\"og:type\" content=\"article\" \/>\n<meta property=\"og:title\" content=\"Los M\u00fasicos de Su Alteza festejan los diez primeros a\u00f1os del festival M\u00fasica Antigua en la Real Capilla de Santa Isabel - Los M\u00fasicos De Su Alteza\" \/>\n<meta property=\"og:description\" content=\"El 18 de mayo de 2009 Los M\u00fasicos de Su Alteza cierran el X festival M\u00fasica Antigua en la Real Capilla de Santa Isabel, de la Diputaci\u00f3n de Zaragoza, con un programa que incluye obras ... Read More\" \/>\n<meta property=\"og:url\" content=\"https:\/\/www.losmusicosdesualteza.com\/en\/los-musicos-de-su-alteza-festejan-los-diez-primeros-anos-del-festival-musica-antigua-en-la-real-capilla-de-santa-isabel\/\" \/>\n<meta property=\"og:site_name\" content=\"Los M\u00fasicos De Su Alteza\" \/>\n<meta property=\"article:publisher\" content=\"https:\/\/www.facebook.com\/losmusicosdesualteza\" \/>\n<meta property=\"article:published_time\" content=\"2009-05-17T00:12:01+00:00\" \/>\n<meta property=\"article:modified_time\" content=\"2016-01-15T12:02:22+00:00\" \/>\n<meta property=\"og:image\" content=\"http:\/\/losmusicosdesualteza.files.wordpress.com\/2009\/05\/viewer.png?w=225\" \/>\n<meta name=\"author\" content=\"losmusicosdesualteza\" \/>\n<meta name=\"twitter:card\" content=\"summary_large_image\" \/>\n<meta name=\"twitter:label1\" content=\"Written by\" \/>\n\t<meta name=\"twitter:data1\" content=\"losmusicosdesualteza\" \/>\n<script type=\"application\/ld+json\" class=\"yoast-schema-graph\">{\"@context\":\"https:\/\/schema.org\",\"@graph\":[{\"@type\":\"Article\",\"@id\":\"https:\/\/www.losmusicosdesualteza.com\/en\/los-musicos-de-su-alteza-festejan-los-diez-primeros-anos-del-festival-musica-antigua-en-la-real-capilla-de-santa-isabel\/#article\",\"isPartOf\":{\"@id\":\"https:\/\/www.losmusicosdesualteza.com\/en\/los-musicos-de-su-alteza-festejan-los-diez-primeros-anos-del-festival-musica-antigua-en-la-real-capilla-de-santa-isabel\/\"},\"author\":{\"name\":\"losmusicosdesualteza\",\"@id\":\"https:\/\/www.losmusicosdesualteza.com\/en\/#\/schema\/person\/b99e93b7fc150c5d947b2575c4da4f3f\"},\"headline\":\"Los M\u00fasicos de Su Alteza festejan los diez primeros a\u00f1os del festival M\u00fasica Antigua en la Real Capilla de Santa Isabel\",\"datePublished\":\"2009-05-17T00:12:01+00:00\",\"dateModified\":\"2016-01-15T12:02:22+00:00\",\"mainEntityOfPage\":{\"@id\":\"https:\/\/www.losmusicosdesualteza.com\/en\/los-musicos-de-su-alteza-festejan-los-diez-primeros-anos-del-festival-musica-antigua-en-la-real-capilla-de-santa-isabel\/\"},\"wordCount\":83,\"commentCount\":0,\"publisher\":{\"@id\":\"https:\/\/www.losmusicosdesualteza.com\/en\/#organization\"},\"image\":{\"@id\":\"https:\/\/www.losmusicosdesualteza.com\/en\/los-musicos-de-su-alteza-festejan-los-diez-primeros-anos-del-festival-musica-antigua-en-la-real-capilla-de-santa-isabel\/#primaryimage\"},\"thumbnailUrl\":\"http:\/\/losmusicosdesualteza.files.wordpress.com\/2009\/05\/viewer.png?w=225\",\"articleSection\":[\"Conciertos\",\"Noticias\"],\"inLanguage\":\"en-US\"},{\"@type\":\"WebPage\",\"@id\":\"https:\/\/www.losmusicosdesualteza.com\/en\/los-musicos-de-su-alteza-festejan-los-diez-primeros-anos-del-festival-musica-antigua-en-la-real-capilla-de-santa-isabel\/\",\"url\":\"https:\/\/www.losmusicosdesualteza.com\/en\/los-musicos-de-su-alteza-festejan-los-diez-primeros-anos-del-festival-musica-antigua-en-la-real-capilla-de-santa-isabel\/\",\"name\":\"Los M\u00fasicos de Su Alteza festejan los diez primeros a\u00f1os del festival M\u00fasica Antigua en la Real Capilla de Santa Isabel - Los M\u00fasicos De Su Alteza\",\"isPartOf\":{\"@id\":\"https:\/\/www.losmusicosdesualteza.com\/en\/#website\"},\"primaryImageOfPage\":{\"@id\":\"https:\/\/www.losmusicosdesualteza.com\/en\/los-musicos-de-su-alteza-festejan-los-diez-primeros-anos-del-festival-musica-antigua-en-la-real-capilla-de-santa-isabel\/#primaryimage\"},\"image\":{\"@id\":\"https:\/\/www.losmusicosdesualteza.com\/en\/los-musicos-de-su-alteza-festejan-los-diez-primeros-anos-del-festival-musica-antigua-en-la-real-capilla-de-santa-isabel\/#primaryimage\"},\"thumbnailUrl\":\"http:\/\/losmusicosdesualteza.files.wordpress.com\/2009\/05\/viewer.png?w=225\",\"datePublished\":\"2009-05-17T00:12:01+00:00\",\"dateModified\":\"2016-01-15T12:02:22+00:00\",\"breadcrumb\":{\"@id\":\"https:\/\/www.losmusicosdesualteza.com\/en\/los-musicos-de-su-alteza-festejan-los-diez-primeros-anos-del-festival-musica-antigua-en-la-real-capilla-de-santa-isabel\/#breadcrumb\"},\"inLanguage\":\"en-US\",\"potentialAction\":[{\"@type\":\"ReadAction\",\"target\":[\"https:\/\/www.losmusicosdesualteza.com\/en\/los-musicos-de-su-alteza-festejan-los-diez-primeros-anos-del-festival-musica-antigua-en-la-real-capilla-de-santa-isabel\/\"]}]},{\"@type\":\"ImageObject\",\"inLanguage\":\"en-US\",\"@id\":\"https:\/\/www.losmusicosdesualteza.com\/en\/los-musicos-de-su-alteza-festejan-los-diez-primeros-anos-del-festival-musica-antigua-en-la-real-capilla-de-santa-isabel\/#primaryimage\",\"url\":\"http:\/\/losmusicosdesualteza.files.wordpress.com\/2009\/05\/viewer.png?w=225\",\"contentUrl\":\"http:\/\/losmusicosdesualteza.files.wordpress.com\/2009\/05\/viewer.png?w=225\"},{\"@type\":\"BreadcrumbList\",\"@id\":\"https:\/\/www.losmusicosdesualteza.com\/en\/los-musicos-de-su-alteza-festejan-los-diez-primeros-anos-del-festival-musica-antigua-en-la-real-capilla-de-santa-isabel\/#breadcrumb\",\"itemListElement\":[{\"@type\":\"ListItem\",\"position\":1,\"name\":\"Portada\",\"item\":\"https:\/\/www.losmusicosdesualteza.com\/en\/\"},{\"@type\":\"ListItem\",\"position\":2,\"name\":\"Los M\u00fasicos de Su Alteza festejan los diez primeros a\u00f1os del festival M\u00fasica Antigua en la Real Capilla de Santa Isabel\"}]},{\"@type\":\"WebSite\",\"@id\":\"https:\/\/www.losmusicosdesualteza.com\/en\/#website\",\"url\":\"https:\/\/www.losmusicosdesualteza.com\/en\/\",\"name\":\"Los M\u00fasicos De Su Alteza\",\"description\":\"Los M\u00fasicos de Su Alteza - Luis Antonio Gonz\u00e1lez\",\"publisher\":{\"@id\":\"https:\/\/www.losmusicosdesualteza.com\/en\/#organization\"},\"potentialAction\":[{\"@type\":\"SearchAction\",\"target\":{\"@type\":\"EntryPoint\",\"urlTemplate\":\"https:\/\/www.losmusicosdesualteza.com\/en\/?s={search_term_string}\"},\"query-input\":{\"@type\":\"PropertyValueSpecification\",\"valueRequired\":true,\"valueName\":\"search_term_string\"}}],\"inLanguage\":\"en-US\"},{\"@type\":\"Organization\",\"@id\":\"https:\/\/www.losmusicosdesualteza.com\/en\/#organization\",\"name\":\"Los M\u00fasicos De Su Alteza\",\"url\":\"https:\/\/www.losmusicosdesualteza.com\/en\/\",\"logo\":{\"@type\":\"ImageObject\",\"inLanguage\":\"en-US\",\"@id\":\"https:\/\/www.losmusicosdesualteza.com\/en\/#\/schema\/logo\/image\/\",\"url\":\"https:\/\/www.losmusicosdesualteza.com\/wp-content\/uploads\/2015\/12\/Logo-MVSA.png\",\"contentUrl\":\"https:\/\/www.losmusicosdesualteza.com\/wp-content\/uploads\/2015\/12\/Logo-MVSA.png\",\"width\":450,\"height\":405,\"caption\":\"Los M\u00fasicos De Su Alteza\"},\"image\":{\"@id\":\"https:\/\/www.losmusicosdesualteza.com\/en\/#\/schema\/logo\/image\/\"},\"sameAs\":[\"https:\/\/www.facebook.com\/losmusicosdesualteza\",\"https:\/\/www.instagram.com\/losmusicosdesualteza\"]},{\"@type\":\"Person\",\"@id\":\"https:\/\/www.losmusicosdesualteza.com\/en\/#\/schema\/person\/b99e93b7fc150c5d947b2575c4da4f3f\",\"name\":\"losmusicosdesualteza\",\"image\":{\"@type\":\"ImageObject\",\"inLanguage\":\"en-US\",\"@id\":\"https:\/\/www.losmusicosdesualteza.com\/en\/#\/schema\/person\/image\/\",\"url\":\"https:\/\/secure.gravatar.com\/avatar\/7d7d2ec09266a33966c9edbbc4ba1318bdced0f0e2ba163bab612048b46c0a28?s=96&d=mm&r=g\",\"contentUrl\":\"https:\/\/secure.gravatar.com\/avatar\/7d7d2ec09266a33966c9edbbc4ba1318bdced0f0e2ba163bab612048b46c0a28?s=96&d=mm&r=g\",\"caption\":\"losmusicosdesualteza\"},\"url\":\"https:\/\/www.losmusicosdesualteza.com\/en\/author\/losmusicosdesualteza\/\"}]}<\/script>\n<!-- \/ Yoast SEO plugin. -->","yoast_head_json":{"title":"Los M\u00fasicos de Su Alteza festejan los diez primeros a\u00f1os del festival M\u00fasica Antigua en la Real Capilla de Santa Isabel - Los M\u00fasicos De Su Alteza","robots":{"index":"index","follow":"follow","max-snippet":"max-snippet:-1","max-image-preview":"max-image-preview:large","max-video-preview":"max-video-preview:-1"},"canonical":"https:\/\/www.losmusicosdesualteza.com\/en\/los-musicos-de-su-alteza-festejan-los-diez-primeros-anos-del-festival-musica-antigua-en-la-real-capilla-de-santa-isabel\/","og_locale":"en_US","og_type":"article","og_title":"Los M\u00fasicos de Su Alteza festejan los diez primeros a\u00f1os del festival M\u00fasica Antigua en la Real Capilla de Santa Isabel - Los M\u00fasicos De Su Alteza","og_description":"El 18 de mayo de 2009 Los M\u00fasicos de Su Alteza cierran el X festival M\u00fasica Antigua en la Real Capilla de Santa Isabel, de la Diputaci\u00f3n de Zaragoza, con un programa que incluye obras ... Read More","og_url":"https:\/\/www.losmusicosdesualteza.com\/en\/los-musicos-de-su-alteza-festejan-los-diez-primeros-anos-del-festival-musica-antigua-en-la-real-capilla-de-santa-isabel\/","og_site_name":"Los M\u00fasicos De Su Alteza","article_publisher":"https:\/\/www.facebook.com\/losmusicosdesualteza","article_published_time":"2009-05-17T00:12:01+00:00","article_modified_time":"2016-01-15T12:02:22+00:00","og_image":[{"url":"http:\/\/losmusicosdesualteza.files.wordpress.com\/2009\/05\/viewer.png?w=225","type":"","width":"","height":""}],"author":"losmusicosdesualteza","twitter_card":"summary_large_image","twitter_misc":{"Written by":"losmusicosdesualteza"},"schema":{"@context":"https:\/\/schema.org","@graph":[{"@type":"Article","@id":"https:\/\/www.losmusicosdesualteza.com\/en\/los-musicos-de-su-alteza-festejan-los-diez-primeros-anos-del-festival-musica-antigua-en-la-real-capilla-de-santa-isabel\/#article","isPartOf":{"@id":"https:\/\/www.losmusicosdesualteza.com\/en\/los-musicos-de-su-alteza-festejan-los-diez-primeros-anos-del-festival-musica-antigua-en-la-real-capilla-de-santa-isabel\/"},"author":{"name":"losmusicosdesualteza","@id":"https:\/\/www.losmusicosdesualteza.com\/en\/#\/schema\/person\/b99e93b7fc150c5d947b2575c4da4f3f"},"headline":"Los M\u00fasicos de Su Alteza festejan los diez primeros a\u00f1os del festival M\u00fasica Antigua en la Real Capilla de Santa Isabel","datePublished":"2009-05-17T00:12:01+00:00","dateModified":"2016-01-15T12:02:22+00:00","mainEntityOfPage":{"@id":"https:\/\/www.losmusicosdesualteza.com\/en\/los-musicos-de-su-alteza-festejan-los-diez-primeros-anos-del-festival-musica-antigua-en-la-real-capilla-de-santa-isabel\/"},"wordCount":83,"commentCount":0,"publisher":{"@id":"https:\/\/www.losmusicosdesualteza.com\/en\/#organization"},"image":{"@id":"https:\/\/www.losmusicosdesualteza.com\/en\/los-musicos-de-su-alteza-festejan-los-diez-primeros-anos-del-festival-musica-antigua-en-la-real-capilla-de-santa-isabel\/#primaryimage"},"thumbnailUrl":"http:\/\/losmusicosdesualteza.files.wordpress.com\/2009\/05\/viewer.png?w=225","articleSection":["Conciertos","Noticias"],"inLanguage":"en-US"},{"@type":"WebPage","@id":"https:\/\/www.losmusicosdesualteza.com\/en\/los-musicos-de-su-alteza-festejan-los-diez-primeros-anos-del-festival-musica-antigua-en-la-real-capilla-de-santa-isabel\/","url":"https:\/\/www.losmusicosdesualteza.com\/en\/los-musicos-de-su-alteza-festejan-los-diez-primeros-anos-del-festival-musica-antigua-en-la-real-capilla-de-santa-isabel\/","name":"Los M\u00fasicos de Su Alteza festejan los diez primeros a\u00f1os del festival M\u00fasica Antigua en la Real Capilla de Santa Isabel - Los M\u00fasicos De Su Alteza","isPartOf":{"@id":"https:\/\/www.losmusicosdesualteza.com\/en\/#website"},"primaryImageOfPage":{"@id":"https:\/\/www.losmusicosdesualteza.com\/en\/los-musicos-de-su-alteza-festejan-los-diez-primeros-anos-del-festival-musica-antigua-en-la-real-capilla-de-santa-isabel\/#primaryimage"},"image":{"@id":"https:\/\/www.losmusicosdesualteza.com\/en\/los-musicos-de-su-alteza-festejan-los-diez-primeros-anos-del-festival-musica-antigua-en-la-real-capilla-de-santa-isabel\/#primaryimage"},"thumbnailUrl":"http:\/\/losmusicosdesualteza.files.wordpress.com\/2009\/05\/viewer.png?w=225","datePublished":"2009-05-17T00:12:01+00:00","dateModified":"2016-01-15T12:02:22+00:00","breadcrumb":{"@id":"https:\/\/www.losmusicosdesualteza.com\/en\/los-musicos-de-su-alteza-festejan-los-diez-primeros-anos-del-festival-musica-antigua-en-la-real-capilla-de-santa-isabel\/#breadcrumb"},"inLanguage":"en-US","potentialAction":[{"@type":"ReadAction","target":["https:\/\/www.losmusicosdesualteza.com\/en\/los-musicos-de-su-alteza-festejan-los-diez-primeros-anos-del-festival-musica-antigua-en-la-real-capilla-de-santa-isabel\/"]}]},{"@type":"ImageObject","inLanguage":"en-US","@id":"https:\/\/www.losmusicosdesualteza.com\/en\/los-musicos-de-su-alteza-festejan-los-diez-primeros-anos-del-festival-musica-antigua-en-la-real-capilla-de-santa-isabel\/#primaryimage","url":"http:\/\/losmusicosdesualteza.files.wordpress.com\/2009\/05\/viewer.png?w=225","contentUrl":"http:\/\/losmusicosdesualteza.files.wordpress.com\/2009\/05\/viewer.png?w=225"},{"@type":"BreadcrumbList","@id":"https:\/\/www.losmusicosdesualteza.com\/en\/los-musicos-de-su-alteza-festejan-los-diez-primeros-anos-del-festival-musica-antigua-en-la-real-capilla-de-santa-isabel\/#breadcrumb","itemListElement":[{"@type":"ListItem","position":1,"name":"Portada","item":"https:\/\/www.losmusicosdesualteza.com\/en\/"},{"@type":"ListItem","position":2,"name":"Los M\u00fasicos de Su Alteza festejan los diez primeros a\u00f1os del festival M\u00fasica Antigua en la Real Capilla de Santa Isabel"}]},{"@type":"WebSite","@id":"https:\/\/www.losmusicosdesualteza.com\/en\/#website","url":"https:\/\/www.losmusicosdesualteza.com\/en\/","name":"Los M\u00fasicos De Su Alteza","description":"Los M\u00fasicos de Su Alteza - Luis Antonio Gonz\u00e1lez","publisher":{"@id":"https:\/\/www.losmusicosdesualteza.com\/en\/#organization"},"potentialAction":[{"@type":"SearchAction","target":{"@type":"EntryPoint","urlTemplate":"https:\/\/www.losmusicosdesualteza.com\/en\/?s={search_term_string}"},"query-input":{"@type":"PropertyValueSpecification","valueRequired":true,"valueName":"search_term_string"}}],"inLanguage":"en-US"},{"@type":"Organization","@id":"https:\/\/www.losmusicosdesualteza.com\/en\/#organization","name":"Los M\u00fasicos De Su Alteza","url":"https:\/\/www.losmusicosdesualteza.com\/en\/","logo":{"@type":"ImageObject","inLanguage":"en-US","@id":"https:\/\/www.losmusicosdesualteza.com\/en\/#\/schema\/logo\/image\/","url":"https:\/\/www.losmusicosdesualteza.com\/wp-content\/uploads\/2015\/12\/Logo-MVSA.png","contentUrl":"https:\/\/www.losmusicosdesualteza.com\/wp-content\/uploads\/2015\/12\/Logo-MVSA.png","width":450,"height":405,"caption":"Los M\u00fasicos De Su Alteza"},"image":{"@id":"https:\/\/www.losmusicosdesualteza.com\/en\/#\/schema\/logo\/image\/"},"sameAs":["https:\/\/www.facebook.com\/losmusicosdesualteza","https:\/\/www.instagram.com\/losmusicosdesualteza"]},{"@type":"Person","@id":"https:\/\/www.losmusicosdesualteza.com\/en\/#\/schema\/person\/b99e93b7fc150c5d947b2575c4da4f3f","name":"losmusicosdesualteza","image":{"@type":"ImageObject","inLanguage":"en-US","@id":"https:\/\/www.losmusicosdesualteza.com\/en\/#\/schema\/person\/image\/","url":"https:\/\/secure.gravatar.com\/avatar\/7d7d2ec09266a33966c9edbbc4ba1318bdced0f0e2ba163bab612048b46c0a28?s=96&d=mm&r=g","contentUrl":"https:\/\/secure.gravatar.com\/avatar\/7d7d2ec09266a33966c9edbbc4ba1318bdced0f0e2ba163bab612048b46c0a28?s=96&d=mm&r=g","caption":"losmusicosdesualteza"},"url":"https:\/\/www.losmusicosdesualteza.com\/en\/author\/losmusicosdesualteza\/"}]}},"_links":{"self":[{"href":"https:\/\/www.losmusicosdesualteza.com\/en\/wp-json\/wp\/v2\/posts\/47","targetHints":{"allow":["GET"]}}],"collection":[{"href":"https:\/\/www.losmusicosdesualteza.com\/en\/wp-json\/wp\/v2\/posts"}],"about":[{"href":"https:\/\/www.losmusicosdesualteza.com\/en\/wp-json\/wp\/v2\/types\/post"}],"author":[{"embeddable":true,"href":"https:\/\/www.losmusicosdesualteza.com\/en\/wp-json\/wp\/v2\/users\/3"}],"replies":[{"embeddable":true,"href":"https:\/\/www.losmusicosdesualteza.com\/en\/wp-json\/wp\/v2\/comments?post=47"}],"version-history":[{"count":1,"href":"https:\/\/www.losmusicosdesualteza.com\/en\/wp-json\/wp\/v2\/posts\/47\/revisions"}],"predecessor-version":[{"id":718,"href":"https:\/\/www.losmusicosdesualteza.com\/en\/wp-json\/wp\/v2\/posts\/47\/revisions\/718"}],"wp:attachment":[{"href":"https:\/\/www.losmusicosdesualteza.com\/en\/wp-json\/wp\/v2\/media?parent=47"}],"wp:term":[{"taxonomy":"category","embeddable":true,"href":"https:\/\/www.losmusicosdesualteza.com\/en\/wp-json\/wp\/v2\/categories?post=47"},{"taxonomy":"post_tag","embeddable":true,"href":"https:\/\/www.losmusicosdesualteza.com\/en\/wp-json\/wp\/v2\/tags?post=47"}],"curies":[{"name":"wp","href":"https:\/\/api.w.org\/{rel}","templated":true}]}}